{"id":17190,"date":"2025-04-09T20:24:30","date_gmt":"2025-04-10T01:24:30","guid":{"rendered":"https:\/\/www.agroserag.com\/site\/?p=17190"},"modified":"2025-04-09T20:25:11","modified_gmt":"2025-04-10T01:25:11","slug":"la-convencion-anual-de-ventas-agroser-2025","status":"publish","type":"post","link":"https:\/\/www.agroserag.com\/site\/la-convencion-anual-de-ventas-agroser-2025\/","title":{"rendered":"LA CONVENCI\u00d3N ANUAL DE VENTAS AGROSER 2025"},"content":{"rendered":"\n<p>La Convenci\u00f3n Anual de Ventas de Agroser se celebr\u00f3 el pasado 1 al 6 de abril en San Andr\u00e9s Islas, aprovechando su c\u00e1lida brisa como tel\u00f3n de fondo. El evento reuni\u00f3 al equipo gerencial comercial, representantes de ventas regionales (RTC), promotores t\u00e9cnicos (PTC) de protecci\u00f3n de cultivos y (ETS) de semillas. El objetivo principal fue compartir los planes y estrategias para impulsar el crecimiento de Agroser y consolidar su liderazgo en el sector agr\u00edcola colombiano en 2025.<\/p>\n\n\n\n<p>Durante la convenci\u00f3n, la Gerencia General reconoci\u00f3 a los equipos con desempe\u00f1o destacado en 2024 y present\u00f3 las nuevas l\u00edneas de negocio. Los l\u00edderes de cada \u00e1rea detallaron los productos incorporados al portafolio soluciones integrales de Agroser: herbicidas, fungicidas e insecticidas avanzados, soluciones biotecnol\u00f3gicas innovadoras (bioestimulaci\u00f3n, bioprotecci\u00f3n y bionutrici\u00f3n), maquinaria agr\u00edcola de marcas l\u00edderes (Jumil, Kuhn, Inroda y Nogueira) y semillas de alto rendimiento de Rijk Zwaan, Matsuda y la nueva marca propia de pastos Soler. La presentaci\u00f3n de estas novedades gener\u00f3 gran entusiasmo en el equipo comercial, reforzando el compromiso de Agroser con el \u00e9xito de sus distribuidores y agricultores. <\/p>\n\n\n\n<p><strong>La empresa contin\u00faa &#8220;sembrando futuro&#8221; y fortaleciendo su posici\u00f3n en el agro colombiano.<\/strong><\/p>\n","protected":false},"excerpt":{"rendered":"<p>La Convenci\u00f3n Anual de Ventas de Agroser se celebr\u00f3 el pasado 1 al 6 de abril en San Andr\u00e9s Islas, aprovechando su c\u00e1lida brisa como tel\u00f3n de fondo. El evento reuni\u00f3 al equipo gerencial comercial, representantes de ventas regionales (RTC), promotores t\u00e9cnicos (PTC) de protecci\u00f3n de cultivos y (ETS) de semillas. El objetivo principal fue [&hellip;]<\/p>\n","protected":false},"author":1,"featured_media":17191,"comment_status":"closed","ping_status":"closed","sticky":false,"template":"","format":"standard","meta":{"om_disable_all_campaigns":false,"_uag_custom_page_level_css":"","_monsterinsights_skip_tracking":false,"_monsterinsights_sitenote_active":false,"_monsterinsights_sitenote_note":"","_monsterinsights_sitenote_category":0,"footnotes":""},"categories":[33],"tags":[],"class_list":["post-17190","post","type-post","status-publish","format-standard","has-post-thumbnail","hentry","category-noticias"],"aioseo_notices":[],"uagb_featured_image_src":{"full":["https:\/\/www.agroserag.com\/site\/wp-content\/uploads\/2025\/04\/250409-banner_convencion_anual.webp",1475,882,false],"thumbnail":["https:\/\/www.agroserag.com\/site\/wp-content\/uploads\/2025\/04\/250409-banner_convencion_anual-150x150.webp",150,150,true],"medium":["https:\/\/www.agroserag.com\/site\/wp-content\/uploads\/2025\/04\/250409-banner_convencion_anual-300x179.webp",300,179,true],"medium_large":["https:\/\/www.agroserag.com\/site\/wp-content\/uploads\/2025\/04\/250409-banner_convencion_anual-768x459.webp",768,459,true],"large":["https:\/\/www.agroserag.com\/site\/wp-content\/uploads\/2025\/04\/250409-banner_convencion_anual-1024x612.webp",960,574,true],"1536x1536":["https:\/\/www.agroserag.com\/site\/wp-content\/uploads\/2025\/04\/250409-banner_convencion_anual.webp",1475,882,false],"2048x2048":["https:\/\/www.agroserag.com\/site\/wp-content\/uploads\/2025\/04\/250409-banner_convencion_anual.webp",1475,882,false],"woocommerce_thumbnail":["https:\/\/www.agroserag.com\/site\/wp-content\/uploads\/2025\/04\/250409-banner_convencion_anual-265x158.webp",265,158,true],"woocommerce_single":["https:\/\/www.agroserag.com\/site\/wp-content\/uploads\/2025\/04\/250409-banner_convencion_anual-450x269.webp",450,269,true],"woocommerce_gallery_thumbnail":["https:\/\/www.agroserag.com\/site\/wp-content\/uploads\/2025\/04\/250409-banner_convencion_anual-100x100.webp",100,100,true],"sow-carousel-default":["https:\/\/www.agroserag.com\/site\/wp-content\/uploads\/2025\/04\/250409-banner_convencion_anual-272x182.webp",272,182,true]},"uagb_author_info":{"display_name":"Agroser","author_link":false},"uagb_comment_info":0,"uagb_excerpt":"La Convenci\u00f3n Anual de Ventas de Agroser se celebr\u00f3 el pasado 1 al 6 de abril en San Andr\u00e9s Islas, aprovechando su c\u00e1lida brisa como tel\u00f3n de fondo. El evento reuni\u00f3 al equipo gerencial comercial, representantes de ventas regionales (RTC), promotores t\u00e9cnicos (PTC) de protecci\u00f3n de cultivos y (ETS) de semillas. El objetivo principal fue&hellip;","_links":{"self":[{"href":"https:\/\/www.agroserag.com\/site\/wp-json\/wp\/v2\/posts\/17190","targetHints":{"allow":["GET"]}}],"collection":[{"href":"https:\/\/www.agroserag.com\/site\/wp-json\/wp\/v2\/posts"}],"about":[{"href":"https:\/\/www.agroserag.com\/site\/wp-json\/wp\/v2\/types\/post"}],"author":[{"embeddable":true,"href":"https:\/\/www.agroserag.com\/site\/wp-json\/wp\/v2\/users\/1"}],"replies":[{"embeddable":true,"href":"https:\/\/www.agroserag.com\/site\/wp-json\/wp\/v2\/comments?post=17190"}],"version-history":[{"count":3,"href":"https:\/\/www.agroserag.com\/site\/wp-json\/wp\/v2\/posts\/17190\/revisions"}],"predecessor-version":[{"id":17195,"href":"https:\/\/www.agroserag.com\/site\/wp-json\/wp\/v2\/posts\/17190\/revisions\/17195"}],"wp:featuredmedia":[{"embeddable":true,"href":"https:\/\/www.agroserag.com\/site\/wp-json\/wp\/v2\/media\/17191"}],"wp:attachment":[{"href":"https:\/\/www.agroserag.com\/site\/wp-json\/wp\/v2\/media?parent=17190"}],"wp:term":[{"taxonomy":"category","embeddable":true,"href":"https:\/\/www.agroserag.com\/site\/wp-json\/wp\/v2\/categories?post=17190"},{"taxonomy":"post_tag","embeddable":true,"href":"https:\/\/www.agroserag.com\/site\/wp-json\/wp\/v2\/tags?post=17190"}],"curies":[{"name":"wp","href":"https:\/\/api.w.org\/{rel}","templated":true}]}}